{"id":829,"date":"2024-09-04T20:15:24","date_gmt":"2024-09-04T20:15:24","guid":{"rendered":"https:\/\/basketball-schweich.de\/?p=829"},"modified":"2024-09-04T20:15:26","modified_gmt":"2024-09-04T20:15:26","slug":"1-wanderpokalturnier-der-basketballabteilung-tus-mosella-schweich","status":"publish","type":"post","link":"https:\/\/basketball-schweich.de\/?p=829","title":{"rendered":"1. Wanderpokalturnier der Basketballabteilung TuS Mosella Schweich"},"content":{"rendered":"\n<p>Am vergangenen Samstag, den 31.08.2024, wurde das erste Wanderpokalturnier der Basketballabteilung<br>ausgerichtet. Neben unserer Herrenmannschaft waren die Galdiators Trier e.V. und die TG Konz dabei.<br>Direkt das erste Spiel zwischen den Schweichern und den Gladiatoren 2 wurde sehr konzentriert<br>angegangen und entwickelte sich in eine enge Partie in der beide Mannschaften den Sieg erspielen<br>wollten. Letztendlich hielten die Herren der Gladiatoren die \u00dcberhand und siegten mit 6 Punkten<br>Vorsprung.<br>Das zweite Spiel wurde dann zwischen den Konzern und Schweich gespielt. Hier konnten sich unsere Herren relativ schnell absetzen und gewannen mit einer Differenz von 20 Punkten.<br>Damit war eigentlich klar, dass die Gladiatoren als favorisierte Mannschaft ins abschlie\u00dfende dritte Spiel gegen die<br>TG Konz gingen. Diese boten den Siegesanw\u00e4rtern bis zur letzten Minute Paroli und verloren nur<br>knapp mit 5 Punkten.<\/p>\n\n\n\n<p>Wir gratulieren der Gladiators Trier e.V. zum Sieg des ersten Schweicher Wanderpokals und bekommen im n\u00e4chsten Jahr die Gelegenheit den Pokal zu verteidigen oder ihn zur\u00fcckgeben zu m\u00fcssen.<br> Abschlie\u00dfend wurde von allen Teilnehmern festgestellt,<br>dass das Turnier gut organisiert war und allenl viel Spa\u00df gemacht hat.<br>Ein Dank gilt auch allen Helfern, besonders den Schiedsrichtern und der Verkaufscrew am Getr\u00e4nke-<br>und Essensstand.<\/p>\n","protected":false},"excerpt":{"rendered":"<p>Am vergangenen Samstag, den 31.08.2024, wurde das erste Wanderpokalturnier der Basketballabteilungausgerichtet. Neben unserer Herrenmannschaft waren die Galdiators Trier e.V. und die TG Konz dabei.Direkt das erste Spiel zwischen den Schweichern und den Gladiatoren 2 wurde sehr konzentriertangegangen und entwickelte sich in eine enge Partie in der beide Mannschaften den Sieg erspielenwollten. Letztendlich hielten die Herren [&hellip;]<\/p>\n","protected":false},"author":1,"featured_media":830,"comment_status":"closed","ping_status":"closed","sticky":false,"template":"","format":"standard","meta":{"ngg_post_thumbnail":0,"ocean_post_layout":"","ocean_both_sidebars_style":"","ocean_both_sidebars_content_width":0,"ocean_both_sidebars_sidebars_width":0,"ocean_sidebar":"","ocean_second_sidebar":"","ocean_disable_margins":"enable","ocean_add_body_class":"","ocean_shortcode_before_top_bar":"","ocean_shortcode_after_top_bar":"","ocean_shortcode_before_header":"","ocean_shortcode_after_header":"","ocean_has_shortcode":"","ocean_shortcode_after_title":"","ocean_shortcode_before_footer_widgets":"","ocean_shortcode_after_footer_widgets":"","ocean_shortcode_before_footer_bottom":"","ocean_shortcode_after_footer_bottom":"","ocean_display_top_bar":"default","ocean_display_header":"default","ocean_header_style":"","ocean_center_header_left_menu":"","ocean_custom_header_template":"","ocean_custom_logo":0,"ocean_custom_retina_logo":0,"ocean_custom_logo_max_width":0,"ocean_custom_logo_tablet_max_width":0,"ocean_custom_logo_mobile_max_width":0,"ocean_custom_logo_max_height":0,"ocean_custom_logo_tablet_max_height":0,"ocean_custom_logo_mobile_max_height":0,"ocean_header_custom_menu":"","ocean_menu_typo_font_family":"","ocean_menu_typo_font_subset":"","ocean_menu_typo_font_size":0,"ocean_menu_typo_font_size_tablet":0,"ocean_menu_typo_font_size_mobile":0,"ocean_menu_typo_font_size_unit":"px","ocean_menu_typo_font_weight":"","ocean_menu_typo_font_weight_tablet":"","ocean_menu_typo_font_weight_mobile":"","ocean_menu_typo_transform":"","ocean_menu_typo_transform_tablet":"","ocean_menu_typo_transform_mobile":"","ocean_menu_typo_line_height":0,"ocean_menu_typo_line_height_tablet":0,"ocean_menu_typo_line_height_mobile":0,"ocean_menu_typo_line_height_unit":"","ocean_menu_typo_spacing":0,"ocean_menu_typo_spacing_tablet":0,"ocean_menu_typo_spacing_mobile":0,"ocean_menu_typo_spacing_unit":"","ocean_menu_link_color":"","ocean_menu_link_color_hover":"","ocean_menu_link_color_active":"","ocean_menu_link_background":"","ocean_menu_link_hover_background":"","ocean_menu_link_active_background":"","ocean_menu_social_links_bg":"","ocean_menu_social_hover_links_bg":"","ocean_menu_social_links_color":"","ocean_menu_social_hover_links_color":"","ocean_disable_title":"default","ocean_disable_heading":"default","ocean_post_title":"","ocean_post_subheading":"","ocean_post_title_style":"","ocean_post_title_background_color":"","ocean_post_title_background":0,"ocean_post_title_bg_image_position":"","ocean_post_title_bg_image_attachment":"","ocean_post_title_bg_image_repeat":"","ocean_post_title_bg_image_size":"","ocean_post_title_height":0,"ocean_post_title_bg_overlay":0.5,"ocean_post_title_bg_overlay_color":"","ocean_disable_breadcrumbs":"default","ocean_breadcrumbs_color":"","ocean_breadcrumbs_separator_color":"","ocean_breadcrumbs_links_color":"","ocean_breadcrumbs_links_hover_color":"","ocean_display_footer_widgets":"default","ocean_display_footer_bottom":"default","ocean_custom_footer_template":"","cybocfi_hide_featured_image":"","ocean_post_oembed":"","ocean_post_self_hosted_media":"","ocean_post_video_embed":"","ocean_link_format":"","ocean_link_format_target":"self","ocean_quote_format":"","ocean_quote_format_link":"post","ocean_gallery_link_images":"on","ocean_gallery_id":[],"footnotes":""},"categories":[9,1],"tags":[],"class_list":["post-829","post","type-post","status-publish","format-standard","has-post-thumbnail","hentry","category-herren","category-uncategorized","entry","has-media"],"_links":{"self":[{"href":"https:\/\/basketball-schweich.de\/index.php?rest_route=\/wp\/v2\/posts\/829"}],"collection":[{"href":"https:\/\/basketball-schweich.de\/index.php?rest_route=\/wp\/v2\/posts"}],"about":[{"href":"https:\/\/basketball-schweich.de\/index.php?rest_route=\/wp\/v2\/types\/post"}],"author":[{"embeddable":true,"href":"https:\/\/basketball-schweich.de\/index.php?rest_route=\/wp\/v2\/users\/1"}],"replies":[{"embeddable":true,"href":"https:\/\/basketball-schweich.de\/index.php?rest_route=%2Fwp%2Fv2%2Fcomments&post=829"}],"version-history":[{"count":1,"href":"https:\/\/basketball-schweich.de\/index.php?rest_route=\/wp\/v2\/posts\/829\/revisions"}],"predecessor-version":[{"id":831,"href":"https:\/\/basketball-schweich.de\/index.php?rest_route=\/wp\/v2\/posts\/829\/revisions\/831"}],"wp:featuredmedia":[{"embeddable":true,"href":"https:\/\/basketball-schweich.de\/index.php?rest_route=\/wp\/v2\/media\/830"}],"wp:attachment":[{"href":"https:\/\/basketball-schweich.de\/index.php?rest_route=%2Fwp%2Fv2%2Fmedia&parent=829"}],"wp:term":[{"taxonomy":"category","embeddable":true,"href":"https:\/\/basketball-schweich.de\/index.php?rest_route=%2Fwp%2Fv2%2Fcategories&post=829"},{"taxonomy":"post_tag","embeddable":true,"href":"https:\/\/basketball-schweich.de\/index.php?rest_route=%2Fwp%2Fv2%2Ftags&post=829"}],"curies":[{"name":"wp","href":"https:\/\/api.w.org\/{rel}","templated":true}]}}