{"id":778,"date":"2024-01-14T20:27:28","date_gmt":"2024-01-14T20:27:28","guid":{"rendered":"https:\/\/basketball-schweich.de\/?p=778"},"modified":"2024-01-14T20:35:57","modified_gmt":"2024-01-14T20:35:57","slug":"saisonende-in-der-u18","status":"publish","type":"post","link":"https:\/\/basketball-schweich.de\/?p=778","title":{"rendered":"Saisonende in der U18"},"content":{"rendered":"\n<p>Kurz und erfolglos \u2013 so k\u00f6nnte man die Saison unserer U18 beschreiben, wenn man die Statistik von 0\/10 betrachtet.<\/p>\n\n\n\n<p>Am Samstag, den 16.12.23, beendete die U18 die Saison mit einer weiteren Niederlage gegen eine ersatzgeschw\u00e4chte TVG-Mannschaft mit 34:99. Ein solches Ergebnis spiegelt jedoch nicht den Ausgang jedes Spiels wider. Aufgrund hoher individueller spielerischer Qualit\u00e4t in den U18-Mannschaften, oft bestehend aus ehemaligen Leistungssportlern der Gladiators oder ehemaligen U16-Oberligaspielern, hatte Schweich Schwierigkeiten mitzuhalten. Das Problem, eine konkurrenzf\u00e4hige U18-Mannschaft ins Rennen zu schicken, besteht in Schweich schon seit einigen Jahren. Dieses Problem bestand auch in dieser Saison fort. Eine noch junge Mannschaft, bestehend aus den Jahrg\u00e4ngen 3&#215;2006, 5&#215;2007 und 7&#215;2008, konnte gegen im Schnitt \u00e4ltere Mannschaften keines der gerade einmal zehn Saisonspiele f\u00fcr sich entscheiden. Trotz der vielen Niederlagen gab es immer wieder Lichtblicke, die zeigten, wie gut diese Truppe eigentlich ist. Beispielhaft f\u00fchrten die Spiele gegen TV Zell (45:56; 54:59) und Trimmelter SV (44:70) zu &#8222;Motivationssch\u00fcben&#8220;, weiter hart zu trainieren und an den Defiziten zu arbeiten. Erfreulich ist auch, dass sich im Verlauf der Saison eine gute spielerische Entwicklung aller Spieler und des Zusammenspiels abzeichnete. Wir nehmen die gewonnen Erfahrungen in die n\u00e4chste Saison mit und nutzen sie als wertvolle Grundlage, um uns weiter zu verbessern und als Team zu wachsen.<\/p>\n\n\n\n<p>Im kommenden Jahr 2024 verabschieden wir die Spieler der 2006er Elias, Lorenz und Sebastian aus der Mannschaft, die nun fest bei den Herren integriert werden. Die Spieler des 2008er Jahrgangs werden au\u00dferdem regelm\u00e4\u00dfig in den Spielbetrieb der U16 eingebunden, um dort Erfolge in der R\u00fcckrunde einzufahren.<\/p>\n\n\n\n<figure class=\"wp-block-image size-large\"><img fetchpriority=\"high\" decoding=\"async\" width=\"1024\" height=\"576\" src=\"https:\/\/basketball-schweich.de\/wp-content\/uploads\/2024\/01\/P1110049-scaled-e1705264467458-1024x576.jpg\" alt=\"\" class=\"wp-image-780\" srcset=\"https:\/\/basketball-schweich.de\/wp-content\/uploads\/2024\/01\/P1110049-scaled-e1705264467458-1024x576.jpg 1024w, https:\/\/basketball-schweich.de\/wp-content\/uploads\/2024\/01\/P1110049-scaled-e1705264467458-300x169.jpg 300w, https:\/\/basketball-schweich.de\/wp-content\/uploads\/2024\/01\/P1110049-scaled-e1705264467458-768x432.jpg 768w, https:\/\/basketball-schweich.de\/wp-content\/uploads\/2024\/01\/P1110049-scaled-e1705264467458-1536x864.jpg 1536w, https:\/\/basketball-schweich.de\/wp-content\/uploads\/2024\/01\/P1110049-scaled-e1705264467458-2048x1151.jpg 2048w, https:\/\/basketball-schweich.de\/wp-content\/uploads\/2024\/01\/P1110049-scaled-e1705264467458-800x450.jpg 800w\" sizes=\"(max-width: 1024px) 100vw, 1024px\" \/><\/figure>\n","protected":false},"excerpt":{"rendered":"<p>Kurz und erfolglos \u2013 so k\u00f6nnte man die Saison unserer U18 beschreiben, wenn man die Statistik von 0\/10 betrachtet. Am Samstag, den 16.12.23, beendete die U18 die Saison mit einer weiteren Niederlage gegen eine ersatzgeschw\u00e4chte TVG-Mannschaft mit 34:99. Ein solches Ergebnis spiegelt jedoch nicht den Ausgang jedes Spiels wider. Aufgrund hoher individueller spielerischer Qualit\u00e4t in [&hellip;]<\/p>\n","protected":false},"author":1,"featured_media":765,"comment_status":"closed","ping_status":"closed","sticky":false,"template":"","format":"standard","meta":{"ngg_post_thumbnail":0,"ocean_post_layout":"","ocean_both_sidebars_style":"","ocean_both_sidebars_content_width":0,"ocean_both_sidebars_sidebars_width":0,"ocean_sidebar":"","ocean_second_sidebar":"","ocean_disable_margins":"enable","ocean_add_body_class":"","ocean_shortcode_before_top_bar":"","ocean_shortcode_after_top_bar":"","ocean_shortcode_before_header":"","ocean_shortcode_after_header":"","ocean_has_shortcode":"","ocean_shortcode_after_title":"","ocean_shortcode_before_footer_widgets":"","ocean_shortcode_after_footer_widgets":"","ocean_shortcode_before_footer_bottom":"","ocean_shortcode_after_footer_bottom":"","ocean_display_top_bar":"default","ocean_display_header":"default","ocean_header_style":"","ocean_center_header_left_menu":"","ocean_custom_header_template":"","ocean_custom_logo":0,"ocean_custom_retina_logo":0,"ocean_custom_logo_max_width":0,"ocean_custom_logo_tablet_max_width":0,"ocean_custom_logo_mobile_max_width":0,"ocean_custom_logo_max_height":0,"ocean_custom_logo_tablet_max_height":0,"ocean_custom_logo_mobile_max_height":0,"ocean_header_custom_menu":"","ocean_menu_typo_font_family":"","ocean_menu_typo_font_subset":"","ocean_menu_typo_font_size":0,"ocean_menu_typo_font_size_tablet":0,"ocean_menu_typo_font_size_mobile":0,"ocean_menu_typo_font_size_unit":"px","ocean_menu_typo_font_weight":"","ocean_menu_typo_font_weight_tablet":"","ocean_menu_typo_font_weight_mobile":"","ocean_menu_typo_transform":"","ocean_menu_typo_transform_tablet":"","ocean_menu_typo_transform_mobile":"","ocean_menu_typo_line_height":0,"ocean_menu_typo_line_height_tablet":0,"ocean_menu_typo_line_height_mobile":0,"ocean_menu_typo_line_height_unit":"","ocean_menu_typo_spacing":0,"ocean_menu_typo_spacing_tablet":0,"ocean_menu_typo_spacing_mobile":0,"ocean_menu_typo_spacing_unit":"","ocean_menu_link_color":"","ocean_menu_link_color_hover":"","ocean_menu_link_color_active":"","ocean_menu_link_background":"","ocean_menu_link_hover_background":"","ocean_menu_link_active_background":"","ocean_menu_social_links_bg":"","ocean_menu_social_hover_links_bg":"","ocean_menu_social_links_color":"","ocean_menu_social_hover_links_color":"","ocean_disable_title":"default","ocean_disable_heading":"default","ocean_post_title":"","ocean_post_subheading":"","ocean_post_title_style":"","ocean_post_title_background_color":"","ocean_post_title_background":0,"ocean_post_title_bg_image_position":"","ocean_post_title_bg_image_attachment":"","ocean_post_title_bg_image_repeat":"","ocean_post_title_bg_image_size":"","ocean_post_title_height":0,"ocean_post_title_bg_overlay":0.5,"ocean_post_title_bg_overlay_color":"","ocean_disable_breadcrumbs":"default","ocean_breadcrumbs_color":"","ocean_breadcrumbs_separator_color":"","ocean_breadcrumbs_links_color":"","ocean_breadcrumbs_links_hover_color":"","ocean_display_footer_widgets":"default","ocean_display_footer_bottom":"default","ocean_custom_footer_template":"","cybocfi_hide_featured_image":"","ocean_post_oembed":"","ocean_post_self_hosted_media":"","ocean_post_video_embed":"","ocean_link_format":"","ocean_link_format_target":"self","ocean_quote_format":"","ocean_quote_format_link":"post","ocean_gallery_link_images":"on","ocean_gallery_id":[],"footnotes":""},"categories":[11,1],"tags":[],"class_list":["post-778","post","type-post","status-publish","format-standard","has-post-thumbnail","hentry","category-u16","category-uncategorized","entry","has-media"],"_links":{"self":[{"href":"https:\/\/basketball-schweich.de\/index.php?rest_route=\/wp\/v2\/posts\/778"}],"collection":[{"href":"https:\/\/basketball-schweich.de\/index.php?rest_route=\/wp\/v2\/posts"}],"about":[{"href":"https:\/\/basketball-schweich.de\/index.php?rest_route=\/wp\/v2\/types\/post"}],"author":[{"embeddable":true,"href":"https:\/\/basketball-schweich.de\/index.php?rest_route=\/wp\/v2\/users\/1"}],"replies":[{"embeddable":true,"href":"https:\/\/basketball-schweich.de\/index.php?rest_route=%2Fwp%2Fv2%2Fcomments&post=778"}],"version-history":[{"count":2,"href":"https:\/\/basketball-schweich.de\/index.php?rest_route=\/wp\/v2\/posts\/778\/revisions"}],"predecessor-version":[{"id":781,"href":"https:\/\/basketball-schweich.de\/index.php?rest_route=\/wp\/v2\/posts\/778\/revisions\/781"}],"wp:featuredmedia":[{"embeddable":true,"href":"https:\/\/basketball-schweich.de\/index.php?rest_route=\/wp\/v2\/media\/765"}],"wp:attachment":[{"href":"https:\/\/basketball-schweich.de\/index.php?rest_route=%2Fwp%2Fv2%2Fmedia&parent=778"}],"wp:term":[{"taxonomy":"category","embeddable":true,"href":"https:\/\/basketball-schweich.de\/index.php?rest_route=%2Fwp%2Fv2%2Fcategories&post=778"},{"taxonomy":"post_tag","embeddable":true,"href":"https:\/\/basketball-schweich.de\/index.php?rest_route=%2Fwp%2Fv2%2Ftags&post=778"}],"curies":[{"name":"wp","href":"https:\/\/api.w.org\/{rel}","templated":true}]}}