{"id":712,"date":"2023-09-15T05:59:53","date_gmt":"2023-09-15T05:59:53","guid":{"rendered":"https:\/\/basketball-schweich.de\/?p=712"},"modified":"2024-08-24T09:27:38","modified_gmt":"2024-08-24T09:27:38","slug":"vorbericht-zur-saison-2023-2024-der-1-herren","status":"publish","type":"post","link":"https:\/\/basketball-schweich.de\/?p=712","title":{"rendered":"Vorbericht zur Saison 2023\/2024 der 1. Herren"},"content":{"rendered":"\n<p>F\u00fcr die Herrenmannschaft des TuS Mosella Schweich steht die neue Saison vor der T\u00fcr. Mit einem Heimspiel in der Stefan-Andres-Halle\u00a0starten die Herren\u00a0am Samstag, den 16.09.2023, gegen die 3. Mannschaft der TVG Baskets aus Trier in ihre Saison. <\/p>\n\n\n\n<p>Als Aufsteiger, beziehungsweise R\u00fcckkehrer in die Bezirksliga, steht den Schweichern eine schwere Saison bevor,\u00a0in der der Klassenerhalt die Zielsetzung ist. Mit 10 Mannschaften und damit 18 Spielen hat die nach wie vor junge Mannschaft von Coach Uli Koch viele M\u00f6glichkeiten Erfahrungen zu sammeln und sich weiter zu entwickeln. Der Kader hat sich zum Vorjahr nicht ver\u00e4ndert, sodass einige Grundlagen im Zusammenspiel schon vorhanden sind.\u00a0 Da die Saisonvorbereitung durch Verletzungen und der \u00fcber die Ferien komplett geschlossenen Stefan-Andres-Halle ausgebremst wurde, gibt der Trainer das Ziel vor, von Spiel zu Spiel zu denken und sich weiterzuentwickeln. <\/p>\n\n\n\n<p>Die Mannschaft freut sich \u00fcber zahlreiche Zuschauer in der Stefan-Andres-Halle, die sie tatkr\u00e4ftig unterst\u00fctzen. Sprungball der ersten Partie gegen die TVG Baskets Trier 3 ist am Samstag, den 16.09.2023 um 17:30 Uhr in der Stefan-Andres-Halle.<\/p>\n","protected":false},"excerpt":{"rendered":"<p>F\u00fcr die Herrenmannschaft des TuS Mosella Schweich steht die neue Saison vor der T\u00fcr. Mit einem Heimspiel in der Stefan-Andres-Halle\u00a0starten die Herren\u00a0am Samstag, den 16.09.2023, gegen die 3. Mannschaft der TVG Baskets aus Trier in ihre Saison. Als Aufsteiger, beziehungsweise R\u00fcckkehrer in die Bezirksliga, steht den Schweichern eine schwere Saison bevor,\u00a0in der der Klassenerhalt die [&hellip;]<\/p>\n","protected":false},"author":1,"featured_media":474,"comment_status":"closed","ping_status":"closed","sticky":false,"template":"","format":"standard","meta":{"ngg_post_thumbnail":0,"ocean_post_layout":"","ocean_both_sidebars_style":"","ocean_both_sidebars_content_width":0,"ocean_both_sidebars_sidebars_width":0,"ocean_sidebar":"","ocean_second_sidebar":"","ocean_disable_margins":"enable","ocean_add_body_class":"","ocean_shortcode_before_top_bar":"","ocean_shortcode_after_top_bar":"","ocean_shortcode_before_header":"","ocean_shortcode_after_header":"","ocean_has_shortcode":"","ocean_shortcode_after_title":"","ocean_shortcode_before_footer_widgets":"","ocean_shortcode_after_footer_widgets":"","ocean_shortcode_before_footer_bottom":"","ocean_shortcode_after_footer_bottom":"","ocean_display_top_bar":"default","ocean_display_header":"default","ocean_header_style":"","ocean_center_header_left_menu":"","ocean_custom_header_template":"","ocean_custom_logo":0,"ocean_custom_retina_logo":0,"ocean_custom_logo_max_width":0,"ocean_custom_logo_tablet_max_width":0,"ocean_custom_logo_mobile_max_width":0,"ocean_custom_logo_max_height":0,"ocean_custom_logo_tablet_max_height":0,"ocean_custom_logo_mobile_max_height":0,"ocean_header_custom_menu":"","ocean_menu_typo_font_family":"","ocean_menu_typo_font_subset":"","ocean_menu_typo_font_size":0,"ocean_menu_typo_font_size_tablet":0,"ocean_menu_typo_font_size_mobile":0,"ocean_menu_typo_font_size_unit":"px","ocean_menu_typo_font_weight":"","ocean_menu_typo_font_weight_tablet":"","ocean_menu_typo_font_weight_mobile":"","ocean_menu_typo_transform":"","ocean_menu_typo_transform_tablet":"","ocean_menu_typo_transform_mobile":"","ocean_menu_typo_line_height":0,"ocean_menu_typo_line_height_tablet":0,"ocean_menu_typo_line_height_mobile":0,"ocean_menu_typo_line_height_unit":"","ocean_menu_typo_spacing":0,"ocean_menu_typo_spacing_tablet":0,"ocean_menu_typo_spacing_mobile":0,"ocean_menu_typo_spacing_unit":"","ocean_menu_link_color":"","ocean_menu_link_color_hover":"","ocean_menu_link_color_active":"","ocean_menu_link_background":"","ocean_menu_link_hover_background":"","ocean_menu_link_active_background":"","ocean_menu_social_links_bg":"","ocean_menu_social_hover_links_bg":"","ocean_menu_social_links_color":"","ocean_menu_social_hover_links_color":"","ocean_disable_title":"default","ocean_disable_heading":"default","ocean_post_title":"","ocean_post_subheading":"","ocean_post_title_style":"","ocean_post_title_background_color":"","ocean_post_title_background":0,"ocean_post_title_bg_image_position":"","ocean_post_title_bg_image_attachment":"","ocean_post_title_bg_image_repeat":"","ocean_post_title_bg_image_size":"","ocean_post_title_height":0,"ocean_post_title_bg_overlay":0.5,"ocean_post_title_bg_overlay_color":"","ocean_disable_breadcrumbs":"default","ocean_breadcrumbs_color":"","ocean_breadcrumbs_separator_color":"","ocean_breadcrumbs_links_color":"","ocean_breadcrumbs_links_hover_color":"","ocean_display_footer_widgets":"default","ocean_display_footer_bottom":"default","ocean_custom_footer_template":"","cybocfi_hide_featured_image":"","ocean_post_oembed":"","ocean_post_self_hosted_media":"","ocean_post_video_embed":"","ocean_link_format":"","ocean_link_format_target":"self","ocean_quote_format":"","ocean_quote_format_link":"post","ocean_gallery_link_images":"on","ocean_gallery_id":[],"footnotes":""},"categories":[9,1],"tags":[],"class_list":["post-712","post","type-post","status-publish","format-standard","has-post-thumbnail","hentry","category-herren","category-uncategorized","entry","has-media"],"_links":{"self":[{"href":"https:\/\/basketball-schweich.de\/index.php?rest_route=\/wp\/v2\/posts\/712"}],"collection":[{"href":"https:\/\/basketball-schweich.de\/index.php?rest_route=\/wp\/v2\/posts"}],"about":[{"href":"https:\/\/basketball-schweich.de\/index.php?rest_route=\/wp\/v2\/types\/post"}],"author":[{"embeddable":true,"href":"https:\/\/basketball-schweich.de\/index.php?rest_route=\/wp\/v2\/users\/1"}],"replies":[{"embeddable":true,"href":"https:\/\/basketball-schweich.de\/index.php?rest_route=%2Fwp%2Fv2%2Fcomments&post=712"}],"version-history":[{"count":1,"href":"https:\/\/basketball-schweich.de\/index.php?rest_route=\/wp\/v2\/posts\/712\/revisions"}],"predecessor-version":[{"id":713,"href":"https:\/\/basketball-schweich.de\/index.php?rest_route=\/wp\/v2\/posts\/712\/revisions\/713"}],"wp:featuredmedia":[{"embeddable":true,"href":"https:\/\/basketball-schweich.de\/index.php?rest_route=\/wp\/v2\/media\/474"}],"wp:attachment":[{"href":"https:\/\/basketball-schweich.de\/index.php?rest_route=%2Fwp%2Fv2%2Fmedia&parent=712"}],"wp:term":[{"taxonomy":"category","embeddable":true,"href":"https:\/\/basketball-schweich.de\/index.php?rest_route=%2Fwp%2Fv2%2Fcategories&post=712"},{"taxonomy":"post_tag","embeddable":true,"href":"https:\/\/basketball-schweich.de\/index.php?rest_route=%2Fwp%2Fv2%2Ftags&post=712"}],"curies":[{"name":"wp","href":"https:\/\/api.w.org\/{rel}","templated":true}]}}