{"id":667,"date":"2023-04-19T19:15:08","date_gmt":"2023-04-19T19:15:08","guid":{"rendered":"https:\/\/basketball-schweich.de\/?p=667"},"modified":"2023-04-19T19:42:20","modified_gmt":"2023-04-19T19:42:20","slug":"saisonende-auch-in-der-u16","status":"publish","type":"post","link":"https:\/\/basketball-schweich.de\/?p=667","title":{"rendered":"Saisonende auch in der U16"},"content":{"rendered":"\n<p>Am 05.03.2023 beendete unsere U16 die Saison ausw\u00e4rts gegen den TG Konz. Nachdem man dem Gegner zun\u00e4chst auf Augenh\u00f6he begegnete und sich eine Neun-Punkte-F\u00fchrung in der ersten Halbzeit erspielen konnte, machten sich Konditionsprobleme im dritten Viertel bemerkbar und man gab die F\u00fchrung wieder ab. Durch viele Fast-Breaks setzten sich die Konzer Jungs endg\u00fcltig durch und man verlor das Spiel am Ende 65:79.<\/p>\n\n\n\n<p>Trotz der Niederlage im letzten Spiel, zeigte sich im Verlauf der Saison eine gute Entwicklung der Spieler. Ablesen l\u00e4sst sich das nicht nur an der individuellen Weiterentwicklung aller Spieler, sondern auch am Zusammenspiel. Verlor man beim ersten Aufeinandertreffen gegen Konz noch mit 44 Punkten Differenz, waren es beim Letzteren lediglich noch 14 Punkte. Auch der Drei-Punkte-Wurf konnte sich als F\u00e4higkeit im Spiel der Schweich etablieren.<\/p>\n\n\n\n<p>Typisch f\u00fcr das Alter zwischen 14 und 16 Jahren ist unregelm\u00e4\u00dfige Leistung auf dem Spielfeld zu zeigen. Von insgesamt 13 Saisonspielen konnten vier gewonnen werden. Ma\u00dfgeblich beeinflusst hat dies das Einbinden der Spieler des 2007er Jahrgangs. Zudem stie\u00dfen zwei Spieler des Jahrganges 2006 hinzu, womit unsere Mannschaft au\u00dfer Konkurrenz spielte. Dem zu Grunde lag die Aufgabe, dass die dazugesto\u00dfenen Spieler in die Mannschaft integriert werden und ein Mannschaftsgef\u00fcge zu bilden. Durch Aktionen wie dem Herbstcamp und der Weihnachtsfeier gelang uns eine gute Mannschaftsstimmung zu schaffen.<\/p>\n\n\n\n<p>Erfreulich ist auch, dass wir mit jeder Menge \u201ebasketballverr\u00fcckten\u201c Anf\u00e4ngern unseren Kader in der U16 erweitern konnten.<\/p>\n\n\n\n<p>Die Arbeit mit der Mannschaft hat sehr viel Spa\u00df gemacht und ich bin mir sicher, dass die Truppe in der kommenden Saison 23\/24 f\u00fcr die ein oder andere \u00dcberraschung sorgen wird.<\/p>\n","protected":false},"excerpt":{"rendered":"<p>Am 05.03.2023 beendete unsere U16 die Saison ausw\u00e4rts gegen den TG Konz. Nachdem man dem Gegner zun\u00e4chst auf Augenh\u00f6he begegnete und sich eine Neun-Punkte-F\u00fchrung in der ersten Halbzeit erspielen konnte, machten sich Konditionsprobleme im dritten Viertel bemerkbar und man gab die F\u00fchrung wieder ab. Durch viele Fast-Breaks setzten sich die Konzer Jungs endg\u00fcltig durch und [&hellip;]<\/p>\n","protected":false},"author":1,"featured_media":495,"comment_status":"closed","ping_status":"closed","sticky":false,"template":"","format":"standard","meta":{"ngg_post_thumbnail":0,"ocean_post_layout":"","ocean_both_sidebars_style":"","ocean_both_sidebars_content_width":0,"ocean_both_sidebars_sidebars_width":0,"ocean_sidebar":"0","ocean_second_sidebar":"0","ocean_disable_margins":"enable","ocean_add_body_class":"","ocean_shortcode_before_top_bar":"","ocean_shortcode_after_top_bar":"","ocean_shortcode_before_header":"","ocean_shortcode_after_header":"","ocean_has_shortcode":"","ocean_shortcode_after_title":"","ocean_shortcode_before_footer_widgets":"","ocean_shortcode_after_footer_widgets":"","ocean_shortcode_before_footer_bottom":"","ocean_shortcode_after_footer_bottom":"","ocean_display_top_bar":"default","ocean_display_header":"default","ocean_header_style":"","ocean_center_header_left_menu":"0","ocean_custom_header_template":"0","ocean_custom_logo":0,"ocean_custom_retina_logo":0,"ocean_custom_logo_max_width":0,"ocean_custom_logo_tablet_max_width":0,"ocean_custom_logo_mobile_max_width":0,"ocean_custom_logo_max_height":0,"ocean_custom_logo_tablet_max_height":0,"ocean_custom_logo_mobile_max_height":0,"ocean_header_custom_menu":"0","ocean_menu_typo_font_family":"0","ocean_menu_typo_font_subset":"","ocean_menu_typo_font_size":0,"ocean_menu_typo_font_size_tablet":0,"ocean_menu_typo_font_size_mobile":0,"ocean_menu_typo_font_size_unit":"px","ocean_menu_typo_font_weight":"","ocean_menu_typo_font_weight_tablet":"","ocean_menu_typo_font_weight_mobile":"","ocean_menu_typo_transform":"","ocean_menu_typo_transform_tablet":"","ocean_menu_typo_transform_mobile":"","ocean_menu_typo_line_height":0,"ocean_menu_typo_line_height_tablet":0,"ocean_menu_typo_line_height_mobile":0,"ocean_menu_typo_line_height_unit":"","ocean_menu_typo_spacing":0,"ocean_menu_typo_spacing_tablet":0,"ocean_menu_typo_spacing_mobile":0,"ocean_menu_typo_spacing_unit":"","ocean_menu_link_color":"","ocean_menu_link_color_hover":"","ocean_menu_link_color_active":"","ocean_menu_link_background":"","ocean_menu_link_hover_background":"","ocean_menu_link_active_background":"","ocean_menu_social_links_bg":"","ocean_menu_social_hover_links_bg":"","ocean_menu_social_links_color":"","ocean_menu_social_hover_links_color":"","ocean_disable_title":"default","ocean_disable_heading":"default","ocean_post_title":"","ocean_post_subheading":"","ocean_post_title_style":"","ocean_post_title_background_color":"","ocean_post_title_background":0,"ocean_post_title_bg_image_position":"","ocean_post_title_bg_image_attachment":"","ocean_post_title_bg_image_repeat":"","ocean_post_title_bg_image_size":"","ocean_post_title_height":0,"ocean_post_title_bg_overlay":0.5,"ocean_post_title_bg_overlay_color":"","ocean_disable_breadcrumbs":"default","ocean_breadcrumbs_color":"","ocean_breadcrumbs_separator_color":"","ocean_breadcrumbs_links_color":"","ocean_breadcrumbs_links_hover_color":"","ocean_display_footer_widgets":"default","ocean_display_footer_bottom":"default","ocean_custom_footer_template":"0","cybocfi_hide_featured_image":"","ocean_post_oembed":"","ocean_post_self_hosted_media":"","ocean_post_video_embed":"","ocean_link_format":"","ocean_link_format_target":"self","ocean_quote_format":"","ocean_quote_format_link":"post","ocean_gallery_link_images":"off","ocean_gallery_id":[],"footnotes":""},"categories":[11,1],"tags":[],"class_list":["post-667","post","type-post","status-publish","format-standard","has-post-thumbnail","hentry","category-u16","category-uncategorized","entry","has-media"],"_links":{"self":[{"href":"https:\/\/basketball-schweich.de\/index.php?rest_route=\/wp\/v2\/posts\/667"}],"collection":[{"href":"https:\/\/basketball-schweich.de\/index.php?rest_route=\/wp\/v2\/posts"}],"about":[{"href":"https:\/\/basketball-schweich.de\/index.php?rest_route=\/wp\/v2\/types\/post"}],"author":[{"embeddable":true,"href":"https:\/\/basketball-schweich.de\/index.php?rest_route=\/wp\/v2\/users\/1"}],"replies":[{"embeddable":true,"href":"https:\/\/basketball-schweich.de\/index.php?rest_route=%2Fwp%2Fv2%2Fcomments&post=667"}],"version-history":[{"count":4,"href":"https:\/\/basketball-schweich.de\/index.php?rest_route=\/wp\/v2\/posts\/667\/revisions"}],"predecessor-version":[{"id":931,"href":"https:\/\/basketball-schweich.de\/index.php?rest_route=\/wp\/v2\/posts\/667\/revisions\/931"}],"wp:featuredmedia":[{"embeddable":true,"href":"https:\/\/basketball-schweich.de\/index.php?rest_route=\/wp\/v2\/media\/495"}],"wp:attachment":[{"href":"https:\/\/basketball-schweich.de\/index.php?rest_route=%2Fwp%2Fv2%2Fmedia&parent=667"}],"wp:term":[{"taxonomy":"category","embeddable":true,"href":"https:\/\/basketball-schweich.de\/index.php?rest_route=%2Fwp%2Fv2%2Fcategories&post=667"},{"taxonomy":"post_tag","embeddable":true,"href":"https:\/\/basketball-schweich.de\/index.php?rest_route=%2Fwp%2Fv2%2Ftags&post=667"}],"curies":[{"name":"wp","href":"https:\/\/api.w.org\/{rel}","templated":true}]}}