{"id":519,"date":"2023-03-23T23:55:00","date_gmt":"2023-03-23T23:55:00","guid":{"rendered":"https:\/\/basketball-schweich.de\/?p=519"},"modified":"2023-03-26T13:43:49","modified_gmt":"2023-03-26T13:43:49","slug":"basketball-jugendcamp-2022-ein-voller-erfolg","status":"publish","type":"post","link":"https:\/\/basketball-schweich.de\/?p=519","title":{"rendered":"Basketball-Jugendcamp 2022 ein voller Erfolg"},"content":{"rendered":"\n<h3 class=\"wp-block-heading\">Basketball-Jugendcamp 2022 des TuS Mosella Schweich e.V.<\/h3>\n\n\n\n<p>Am Samstag, den 22.10.2022 fand f\u00fcr die Jugendlichen der Basketballabteilung ein Tages-Basketballcamp statt. Leider musste dieses spontan von der Stefan-Andres-Halle in die tempor\u00e4re Halle verlegt werden, was dem Erfolg des Camps aber nicht schadete.<\/p>\n\n\n\n<p>Nach der Begr\u00fc\u00dfung durch die Campleitung (Felix Warmuth, Uli Koch und Oliver Boos) und der Einteilung in vier Mannschaften erfolgte ein Aufw\u00e4rmprogramm. Anschlie\u00dfend begann f\u00fcr die Camper das Grundlagentraining an vier Stationen, welche von den einzelnen Trainern hervorragend vorbeireitet wurden. Die Stationsleitungen \u00fcbernahmen Jannik Christmann (Wurf), Jannik Sch\u00e4fer (Passen), Daniel Pscheidt (Defensive) und Charlotte Bappert (Ballhandling\/Dribbling).<\/p>\n\n\n\n<p>Zwischen den Stationen-Phasen spielten die vier Mannschaften gegeneinander. Unterbrochen von kleineren Pausen mit Getr\u00e4nken und frischem Obst konnten die Camper ihre basketballerischen F\u00e4higkeiten verbessern und neue Skills erlernen. Zur Mittagszeit wurde eine l\u00e4ngere Pause mit Pizza und Nudelgerichten eingelegt, ehe es erneut im Programm weiterging.<\/p>\n\n\n\n<p>Zum Abschluss des sportlichen Tages spielten die Camper gegen die Coaches. Hierbei stand der Spa\u00df im Vordergrund, was allen Spielerinnen und Spielern sichtlich anzumerken war. Zur Verabschiedung eines tollen Tages gab es f\u00fcr alle Teilnehmer eine Teilnahmeurkunde und einen Eintrittsgutschein f\u00fcr die R\u00f6merstrom Gladiators Trier.<\/p>\n\n\n\n<p>Bedanken m\u00f6chten wir uns noch bei allen Helfern und Trainern, die ehrenamtlich zum positiven Erfolg des Camps beigetragen haben. Ein besonderer Dank auch an unsere Damenmannschaft, die die Campteilnehmer und Trainer mit Kuchen und Muffins versorgt hat.<\/p>\n","protected":false},"excerpt":{"rendered":"<p>Basketball-Jugendcamp 2022 des TuS Mosella Schweich e.V. Am Samstag, den 22.10.2022 fand f\u00fcr die Jugendlichen der Basketballabteilung ein Tages-Basketballcamp statt. Leider musste dieses spontan von der Stefan-Andres-Halle in die tempor\u00e4re Halle verlegt werden, was dem Erfolg des Camps aber nicht schadete. Nach der Begr\u00fc\u00dfung durch die Campleitung (Felix Warmuth, Uli Koch und Oliver Boos) und [&hellip;]<\/p>\n","protected":false},"author":1,"featured_media":268,"comment_status":"closed","ping_status":"closed","sticky":false,"template":"","format":"standard","meta":{"ngg_post_thumbnail":0,"ocean_post_layout":"","ocean_both_sidebars_style":"","ocean_both_sidebars_content_width":0,"ocean_both_sidebars_sidebars_width":0,"ocean_sidebar":"0","ocean_second_sidebar":"0","ocean_disable_margins":"enable","ocean_add_body_class":"","ocean_shortcode_before_top_bar":"","ocean_shortcode_after_top_bar":"","ocean_shortcode_before_header":"","ocean_shortcode_after_header":"","ocean_has_shortcode":"","ocean_shortcode_after_title":"","ocean_shortcode_before_footer_widgets":"","ocean_shortcode_after_footer_widgets":"","ocean_shortcode_before_footer_bottom":"","ocean_shortcode_after_footer_bottom":"","ocean_display_top_bar":"default","ocean_display_header":"default","ocean_header_style":"","ocean_center_header_left_menu":"0","ocean_custom_header_template":"0","ocean_custom_logo":0,"ocean_custom_retina_logo":0,"ocean_custom_logo_max_width":0,"ocean_custom_logo_tablet_max_width":0,"ocean_custom_logo_mobile_max_width":0,"ocean_custom_logo_max_height":0,"ocean_custom_logo_tablet_max_height":0,"ocean_custom_logo_mobile_max_height":0,"ocean_header_custom_menu":"0","ocean_menu_typo_font_family":"0","ocean_menu_typo_font_subset":"","ocean_menu_typo_font_size":0,"ocean_menu_typo_font_size_tablet":0,"ocean_menu_typo_font_size_mobile":0,"ocean_menu_typo_font_size_unit":"px","ocean_menu_typo_font_weight":"","ocean_menu_typo_font_weight_tablet":"","ocean_menu_typo_font_weight_mobile":"","ocean_menu_typo_transform":"","ocean_menu_typo_transform_tablet":"","ocean_menu_typo_transform_mobile":"","ocean_menu_typo_line_height":0,"ocean_menu_typo_line_height_tablet":0,"ocean_menu_typo_line_height_mobile":0,"ocean_menu_typo_line_height_unit":"","ocean_menu_typo_spacing":0,"ocean_menu_typo_spacing_tablet":0,"ocean_menu_typo_spacing_mobile":0,"ocean_menu_typo_spacing_unit":"","ocean_menu_link_color":"","ocean_menu_link_color_hover":"","ocean_menu_link_color_active":"","ocean_menu_link_background":"","ocean_menu_link_hover_background":"","ocean_menu_link_active_background":"","ocean_menu_social_links_bg":"","ocean_menu_social_hover_links_bg":"","ocean_menu_social_links_color":"","ocean_menu_social_hover_links_color":"","ocean_disable_title":"default","ocean_disable_heading":"default","ocean_post_title":"","ocean_post_subheading":"","ocean_post_title_style":"","ocean_post_title_background_color":"","ocean_post_title_background":0,"ocean_post_title_bg_image_position":"","ocean_post_title_bg_image_attachment":"","ocean_post_title_bg_image_repeat":"","ocean_post_title_bg_image_size":"","ocean_post_title_height":0,"ocean_post_title_bg_overlay":0.5,"ocean_post_title_bg_overlay_color":"","ocean_disable_breadcrumbs":"default","ocean_breadcrumbs_color":"","ocean_breadcrumbs_separator_color":"","ocean_breadcrumbs_links_color":"","ocean_breadcrumbs_links_hover_color":"","ocean_display_footer_widgets":"default","ocean_display_footer_bottom":"default","ocean_custom_footer_template":"0","cybocfi_hide_featured_image":"","ocean_post_oembed":"","ocean_post_self_hosted_media":"","ocean_post_video_embed":"","ocean_link_format":"","ocean_link_format_target":"self","ocean_quote_format":"","ocean_quote_format_link":"post","ocean_gallery_link_images":"off","ocean_gallery_id":[],"footnotes":""},"categories":[12,11,1],"tags":[],"class_list":["post-519","post","type-post","status-publish","format-standard","has-post-thumbnail","hentry","category-u14","category-u16","category-uncategorized","entry","has-media"],"_links":{"self":[{"href":"https:\/\/basketball-schweich.de\/index.php?rest_route=\/wp\/v2\/posts\/519"}],"collection":[{"href":"https:\/\/basketball-schweich.de\/index.php?rest_route=\/wp\/v2\/posts"}],"about":[{"href":"https:\/\/basketball-schweich.de\/index.php?rest_route=\/wp\/v2\/types\/post"}],"author":[{"embeddable":true,"href":"https:\/\/basketball-schweich.de\/index.php?rest_route=\/wp\/v2\/users\/1"}],"replies":[{"embeddable":true,"href":"https:\/\/basketball-schweich.de\/index.php?rest_route=%2Fwp%2Fv2%2Fcomments&post=519"}],"version-history":[{"count":1,"href":"https:\/\/basketball-schweich.de\/index.php?rest_route=\/wp\/v2\/posts\/519\/revisions"}],"predecessor-version":[{"id":520,"href":"https:\/\/basketball-schweich.de\/index.php?rest_route=\/wp\/v2\/posts\/519\/revisions\/520"}],"wp:featuredmedia":[{"embeddable":true,"href":"https:\/\/basketball-schweich.de\/index.php?rest_route=\/wp\/v2\/media\/268"}],"wp:attachment":[{"href":"https:\/\/basketball-schweich.de\/index.php?rest_route=%2Fwp%2Fv2%2Fmedia&parent=519"}],"wp:term":[{"taxonomy":"category","embeddable":true,"href":"https:\/\/basketball-schweich.de\/index.php?rest_route=%2Fwp%2Fv2%2Fcategories&post=519"},{"taxonomy":"post_tag","embeddable":true,"href":"https:\/\/basketball-schweich.de\/index.php?rest_route=%2Fwp%2Fv2%2Ftags&post=519"}],"curies":[{"name":"wp","href":"https:\/\/api.w.org\/{rel}","templated":true}]}}